{"id":117,"date":"2023-08-25T13:39:38","date_gmt":"2023-08-25T16:39:38","guid":{"rendered":"https:\/\/athenacargo.com.br\/blog\/?p=117"},"modified":"2023-09-04T16:58:58","modified_gmt":"2023-09-04T19:58:58","slug":"athena-cargo-inaugura-operacao-com-liberacao-de-carga-no-novo-cla-de-rio-grande","status":"publish","type":"post","link":"https:\/\/athenacargo.com.br\/blog\/athena-cargo-inaugura-operacao-com-liberacao-de-carga-no-novo-cla-de-rio-grande\/","title":{"rendered":"Athena Cargo inaugura opera\u00e7\u00e3o com libera\u00e7\u00e3o de carga no novo CLA de Rio Grande"},"content":{"rendered":"\n<p class=\"has-text-align-left\">No come\u00e7o do m\u00eas de agosto, aconteceram as duas primeiras opera\u00e7\u00f5es do CLIA Rio Grande, que \u00e9 o novo porto seco no Rio Grande do Sul. Dentre as inova\u00e7\u00f5es, est\u00e1 a vantagem do n\u00e3o pagamento de armazenagem para cargas em cont\u00eainer no porto de Rio Grande.<\/p>\n\n\n\n<p class=\"has-text-align-left\">A ATHENA CARGO&nbsp; inaugurou as opera\u00e7\u00f5es fazendo uma das duas primeiras opera\u00e7\u00f5es que aconteceram no Recinto Alfandegado. Sete pallets com corredi\u00e7as para m\u00f3veis passaram pelo processo de chegada, armazenagem, inspe\u00e7\u00e3o e nacionaliza\u00e7\u00e3o, para depois seguir para o Domic\u00edlio do importador no RS.<\/p>\n\n\n\n<p class=\"has-text-align-left\">Segundo Elmer Justo, Diretor-Geral de log\u00edstica, o projeto levou 10 anos \u2013 desde a concep\u00e7\u00e3o at\u00e9 a inaugura\u00e7\u00e3o oficial das opera\u00e7\u00f5es alfandegadas do armaz\u00e9m. Por ser uma opera\u00e7\u00e3o em um nicho novo e competitivo, foi necess\u00e1rio o empenho de muitas pessoas ao longo dos anos, o que demonstra a for\u00e7a e a determina\u00e7\u00e3o da empresa MSC\/ MEDLOG BRASIL em promover servi\u00e7o de muita efici\u00eancia.<\/p>\n\n\n\n<p class=\"has-text-align-left\"> N\u00f3s, d\u00e1 Athena cargo, temos a satisfa\u00e7\u00e3o e a  alegria de ter feito o primeiro processo de importa\u00e7\u00e3o neste novo porto seco, que trar\u00e1, nos pr\u00f3ximos anos, uma nova op\u00e7\u00e3o para libera\u00e7\u00f5es alfandeg\u00e1rias a todos os ga\u00fachos. <\/p>\n","protected":false},"excerpt":{"rendered":"<p>No come\u00e7o do m\u00eas de agosto, aconteceram as duas primeiras opera\u00e7\u00f5es do CLIA Rio Grande, que \u00e9 o novo porto seco no Rio Grande do &hellip;<\/p>\n","protected":false},"author":5,"featured_media":0,"comment_status":"open","ping_status":"open","sticky":true,"template":"","format":"standard","meta":{"footnotes":""},"categories":[1],"tags":[],"class_list":["post-117","post","type-post","status-publish","format-standard","hentry","category-sem-categoria"],"_links":{"self":[{"href":"https:\/\/athenacargo.com.br\/blog\/wp-json\/wp\/v2\/posts\/117","targetHints":{"allow":["GET"]}}],"collection":[{"href":"https:\/\/athenacargo.com.br\/blog\/wp-json\/wp\/v2\/posts"}],"about":[{"href":"https:\/\/athenacargo.com.br\/blog\/wp-json\/wp\/v2\/types\/post"}],"author":[{"embeddable":true,"href":"https:\/\/athenacargo.com.br\/blog\/wp-json\/wp\/v2\/users\/5"}],"replies":[{"embeddable":true,"href":"https:\/\/athenacargo.com.br\/blog\/wp-json\/wp\/v2\/comments?post=117"}],"version-history":[{"count":10,"href":"https:\/\/athenacargo.com.br\/blog\/wp-json\/wp\/v2\/posts\/117\/revisions"}],"predecessor-version":[{"id":158,"href":"https:\/\/athenacargo.com.br\/blog\/wp-json\/wp\/v2\/posts\/117\/revisions\/158"}],"wp:attachment":[{"href":"https:\/\/athenacargo.com.br\/blog\/wp-json\/wp\/v2\/media?parent=117"}],"wp:term":[{"taxonomy":"category","embeddable":true,"href":"https:\/\/athenacargo.com.br\/blog\/wp-json\/wp\/v2\/categories?post=117"},{"taxonomy":"post_tag","embeddable":true,"href":"https:\/\/athenacargo.com.br\/blog\/wp-json\/wp\/v2\/tags?post=117"}],"curies":[{"name":"wp","href":"https:\/\/api.w.org\/{rel}","templated":true}]}}